{"id":909,"date":"2019-03-01T16:53:38","date_gmt":"2019-03-01T16:53:38","guid":{"rendered":"http:\/\/www.razgo.net\/blog\/?p=909"},"modified":"2020-02-12T18:30:00","modified_gmt":"2020-02-12T18:30:00","slug":"collage-reflections-seederside","status":"publish","type":"post","link":"https:\/\/www.razgo.net\/blog\/collage-reflections-seederside\/","title":{"rendered":"Collage Reflections &#8211; El collage como subversivo de la cultura &#8211; Seeder Side"},"content":{"rendered":"<p><em>\u2022 El collage como <strong>subversivo de la cultura<\/strong>, el ojo cr\u00edtico y la creatividad, desde el Expresionismo, al Surrealismo, Dadaismo o al Arte Pop.<\/em><\/p>\n<p><em>\u2022 El <strong>collage digital<\/strong> nos abre las puertas no s\u00f3lo de la fotograf\u00eda sino que tambi\u00e9n ampl\u00eda las del arte y la pintura, abriendo un mundo nuevo de posibilidades de texturas y de creatividad.<\/em><\/p>\n<h2><strong>Collage Reflections <\/strong><\/h2>\n<p><strong>por Roger Subirats &#8211; (<a href=\"http:\/\/www.razgo.net\/seeder\" target=\"_blank\" rel=\"noopener noreferrer\">@Seeder Side<\/a>)\u00a0<\/strong><\/p>\n<p>Mucho se puede comentar y debatir sobre el <strong>collage<\/strong> como corriente est\u00e9tica y\/o t\u00e9cnica art\u00edstica, como reflejo cr\u00edtico de la sociedad de consumo o como una joven disciplina del arte contempor\u00e1neo, pues apenas tiene 100 a\u00f1os de antig\u00fcedad.<\/p>\n<p>Fue inventado por <strong>Pablo Picasso<\/strong> y <strong>George Braque<\/strong> en 1912 en Par\u00eds, que en vez de presentar obras que <em>imitaran<\/em> a la realidad, propusieron cuadros hechos con <em>pedazos<\/em> de realidad.<\/p>\n<p><a href=\"http:\/\/www.razgo.net\/seeder\" target=\"_blank\" rel=\"noopener noreferrer\"><img decoding=\"async\" class=\" wp-image-497 \" src=\"http:\/\/www.razgo.net\/blog\/wp-content\/uploads\/collage-reflections-01.jpg\" alt=\"Collage Reflections\" width=\"585\" hspace=\"10\" \/><\/a><\/p>\n<p>El collage supone un <strong>dispositivo de transformaci\u00f3n <\/strong>de los<strong> significados<\/strong> del arte y la cultura, a trav\u00e9s de un provocador ejercicio que <em>cuestiona los c\u00e1nones sociales y culturales<\/em>. Su car\u00e1cter de <strong>fusi\u00f3n<\/strong> le convierte en una acci\u00f3n abstracta que solo puede abarcar una <em>mente post-moderna<\/em>.<\/p>\n<div id=\"attachment_479\" style=\"width: 595px\" class=\"wp-caption alignnone\"><a href=\"http:\/\/www.razgo.net\/seeder\" target=\"_blank\" rel=\"noopener noreferrer\"><img decoding=\"async\" aria-describedby=\"caption-attachment-479\" class=\" wp-image-497 \" src=\"http:\/\/www.razgo.net\/blog\/wp-content\/uploads\/collage-reflections-04.jpg\" alt=\"Collage Reflections\" width=\"585\" hspace=\"10\" \/><\/a><\/p>\n<p id=\"caption-attachment-479\" class=\"wp-caption-text\">ANATHOMIC MACHINERY by SeedeR Side &#8211; <a href=\"http:\/\/www.razgo.net\/seeder\" target=\"_blank\" rel=\"noopener noreferrer\">www.razgo.net\/seeder<\/a><\/p>\n<\/div>\n<p>Crear un collage es un proceso de conversi\u00f3n de muchas cosas en una sola. Es un juego de <strong>exploraci\u00f3n pl\u00e1stica<\/strong> que implica tomar decisiones sobre lo que se incluye y lo que se excluye.<\/p>\n<p>En su composici\u00f3n siempre hay alg\u00fan elemento que se puede poner o quitar, por voluntariosa inquietud.<\/p>\n<p>Esto confiere al Collage un <em>car\u00e1cter de semi-arte<\/em>, de incompleto, de estar siempre en continua transformaci\u00f3n, pues la imagen final nunca ha llegado a ser, la esencia de cada unidad por separado es fr\u00e1gil y provisional.<\/p>\n<p><a href=\"http:\/\/www.razgo.net\/seeder\" target=\"_blank\" rel=\"noopener noreferrer\"><img decoding=\"async\" class=\" wp-image-497 \" src=\"http:\/\/www.razgo.net\/blog\/wp-content\/uploads\/collage-reflections-02.jpg\" alt=\"Collage Reflections\" width=\"585\" hspace=\"10\" \/><\/a><\/p>\n<p>El collage parece <em>arbitrario<\/em> pero en cambio es deliberado. Es una <strong>met\u00e1fora<\/strong> de la <em>transformaci\u00f3n universal<\/em> en continuo movimiento.<\/p>\n<p>Es a la vez resultado de un <strong>impulso<\/strong> ciego y de un <strong>proceso<\/strong> dirigido. La <strong>transformaci\u00f3n<\/strong> es dirigida por el deseo de cada entidad de ser ella misma, <em>amalgam\u00e1ndose<\/em> en un <strong>paisaje<\/strong> m\u00e1s amplio, donde interact\u00faan otros <strong>sujetos<\/strong>.<\/p>\n<p><a href=\"http:\/\/www.razgo.net\/seeder\" target=\"_blank\" rel=\"noopener noreferrer\"><img decoding=\"async\" class=\" wp-image-497 \" src=\"http:\/\/www.razgo.net\/blog\/wp-content\/uploads\/collage-reflections-03.jpg\" alt=\"Collage Reflections\" width=\"585\" hspace=\"10\" \/><\/a><\/p>\n<p><em>Todos estos collages son hechos a mano con papel y tijeras, sin intervenci\u00f3n digital.<\/em><\/p>\n<p>En cambio, la t\u00e9cnica del <strong>collage digital<\/strong> es bastante nueva y desconocida a\u00fan para muchos, en ella se trabaja con los mismos principios del <em>collage tradicional<\/em>: cortar y pegar diferentes im\u00e1genes para crear un nueva imagen completamente diferente.<\/p>\n<p>En la <strong>t\u00e9cnica tradicional<\/strong> se utilizan las tijeras y el pegamento, en la digital, la computadora y el software.<\/p>\n<p>En el collage digital se pueden mezclar la fotograf\u00eda <em>tradicional y digital<\/em>, las diferentes t\u00e9cnicas de pintura (\u00f3leo, acuarela, pastel, etc.), objetos tridimensionales digitalizados y dibujo digital.<\/p>\n<p>As\u00ed, el collage convierte la <em>incertidumbre<\/em> en m\u00e9todo de <strong>creaci\u00f3n<\/strong>. Siempre es <em>insistente<\/em> pero al mismo tiempo <em>poroso<\/em>. Nunca resistente ni sustancial.<\/p>\n<p>Adquiere la categor\u00eda de arte s\u00f3lo cuando se mezclan en \u00e9l <strong>signos simb\u00f3licos<\/strong> puramente art\u00edsticos con elementos <em>mundanos<\/em>, fragmentos de lo <em>cotidiano<\/em>, as\u00ed como otros elementos mixtos o <em>impuros<\/em> de una <strong>naturaleza<\/strong> imitada y transgredida.<\/p>\n<p>Citando a <strong>Donald B. Kuspit<\/strong> podemos decir que:<br \/>\n<em style=\"line-height: 1.5;\">\u00abEl Collage supone un salto natural del material de la Vida al material del Arte\u00bb<\/em><span style=\"line-height: 1.5;\">.<\/span><\/p>\n<p>**********************************************<\/p>\n<h2>RECURSOS PARA COLLAGISTAS<\/h2>\n<p><strong>Collagistas Festival<\/strong><br \/>\n<a href=\"http:\/\/www.collagistas.com\" target=\"_blank\" rel=\"nofollow noopener noreferrer\">www.collagistas.com<\/a><br \/>\n2020 Madrid, Espa\u00f1a &#8211; 3-6 \/ Septiembre<br \/>\n2019 Bruselas, B\u00e9lgica<br \/>\n2018 Dublin, Ireland<br \/>\n2017 Milano, Italy<br \/>\n2016 Eindhoven, The Netherlands<br \/>\n<span class=\"s1\">2015 <\/span>Thessaloniki, Greece<br \/>\n2014 Berlin, Germany<\/p>\n<p><strong>II Festival de Collage de Barcelona<\/strong><br \/>\nDel 4 al 21 Mayo 2018<br \/>\n<a href=\"https:\/\/www.facebook.com\/SocietatBarceloninadeCollage\" target=\"_blank\" rel=\"noopener noreferrer\">@SocietatBarceloninadeCollage<\/a><\/p>\n<p><strong>Collage BCN<\/strong> &#8211; Comunidad<br \/>\n<a href=\"https:\/\/www.facebook.com\/groups\/collagebcn\" target=\"_blank\" rel=\"noopener noreferrer\">www.facebook.com\/groups\/collagebcn<\/a><\/p>\n<p><strong>Societat Barcelonina de Collage<br \/>\n<\/strong><a href=\"https:\/\/www.facebook.com\/SocietatBarceloninadeCollage\/\" target=\"_blank\" rel=\"noopener noreferrer\">www.facebook.com\/SocietatBarceloninadeCollage<\/a><\/p>\n<p><strong>Los D\u00edas Contados<\/strong>\u00a0 &#8211; collage diario seg\u00fan calendario.<br \/>\n<a href=\"http:\/\/www.losdiascontados.com\" target=\"_blank\" rel=\"nofollow noopener noreferrer\">www.losdiascontados.com<\/a><\/p>\n<p><strong>Sociedad de Collage de Madrid<\/strong><br \/>\n<a href=\"http:\/\/www.sociedaddecollagedemadrid.wordpress.com\" target=\"_blank\" rel=\"noopener noreferrer\">www.sociedaddecollagedemadrid.wordpress.com<\/a><br \/>\n<a href=\"https:\/\/www.facebook.com\/SociedadDeCollageDeMadrid\/?fref=ts\">www.facebook.com\/SociedadDeCollageDeMadrid<\/a><\/p>\n<p><strong>The Weird Show<\/strong><br \/>\n<a href=\"http:\/\/www.theweirdshow.info\" target=\"_blank\" rel=\"nofollow noopener noreferrer\">www.theweirdshow.info<\/a><br \/>\n<a href=\"https:\/\/www.facebook.com\/theweirdshow.oficial\" target=\"_blank\" rel=\"noopener noreferrer\">www.facebook.com\/theweirdshow.oficial<\/a><\/p>\n<p><strong>Collage<\/strong> &#8211; Comunidad<br \/>\n<a href=\"https:\/\/www.facebook.com\/groups\/collage.kr\/\" target=\"_blank\" rel=\"noopener noreferrer\">www.facebook.com\/groups\/collage.kr<\/a><\/p>\n<p><strong>Colega Collage<\/strong> &#8211; Comunidad<br \/>\n<a href=\"https:\/\/www.facebook.com\/ColegaCollage-1438799259772524\" target=\"_blank\" rel=\"noopener noreferrer\">www.facebook.com\/ColegaCollage<\/a><\/p>\n<p><strong>Collageisme<\/strong> &#8211; Comunidad<br \/>\n<a href=\"https:\/\/www.facebook.com\/groups\/contemporarycollage\" target=\"_blank\" rel=\"noopener noreferrer\">www.facebook.com\/groups\/contemporarycollage<\/a><\/p>\n<p><strong>The International Society of Assemblage and Collage Artists<br \/>\n<\/strong><a href=\"http:\/\/collagist.org\" target=\"_blank\" rel=\"noopener noreferrer\">www.collagist.org<\/a><\/p>\n<p><strong>Kolage Magazie<\/strong> &#8211; Artist Directory (Canada)<br \/>\n<a href=\"https:\/\/www.facebook.com\/kolajthemagazine\" target=\"_blank\" rel=\"noopener noreferrer\">www.facebook.com\/kolajthemagazine<\/a><br \/>\n<a href=\"http:\/\/www.kolajmagazine.com\/artistdirectory\" target=\"_blank\" rel=\"nofollow noopener noreferrer\">www.kolajmagazine.com\/artistdirectory<\/a><\/p>\n<p><strong>Cults of Life<\/strong> &#8211; Magazine (Finland)<br \/>\n<a href=\"https:\/\/www.facebook.com\/cultsoflife\" target=\"_blank\" rel=\"noopener noreferrer\">www.facebook.com\/cultsoflife<\/a><\/p>\n<p>**********************************************<\/p>\n<p>\u00a9 <strong>GOZAR Magazine<\/strong> &#8211; <a href=\"http:\/\/www.razgo.net\/magazine\" target=\"_blank\" rel=\"noopener noreferrer\">www.razgo.net\/magazine<\/a><br \/>\n\u00a9 <strong>SeedeR Side<\/strong> &#8211; Barcelona &#8211; Septiembre 2015 &#8211; <a href=\"http:\/\/www.razgo.net\/seeder\" target=\"_blank\" rel=\"noopener noreferrer\">www.razgo.net\/seeder<\/a><\/p>\n<p><a href=\"http:\/\/www.saatchiart.com\/account\/artworks\/636941\" target=\"_blank\" rel=\"noopener noreferrer\"><img decoding=\"async\" class=\" wp-image-497 \" src=\"http:\/\/www.razgo.net\/blog\/wp-content\/uploads\/87_Seeder_MALVERDE.jpg\" alt=\"Collage Reflections\" width=\"585\" hspace=\"10\" \/><\/a><\/p>\n","protected":false},"excerpt":{"rendered":"<p>\u2022 El collage como subversivo de la cultura, el ojo cr\u00edtico y la creatividad, desde el Expresionismo, al Surrealismo, Dadaismo o al Arte Pop. \u2022 El collage digital nos abre&#8230;<\/p>\n","protected":false},"author":1,"featured_media":0,"comment_status":"closed","ping_status":"closed","sticky":false,"template":"","format":"standard","meta":{"footnotes":""},"categories":[48],"tags":[19,26,77,20,76,75],"yoast_head":"<!-- This site is optimized with the Yoast SEO plugin v23.5 - https:\/\/yoast.com\/wordpress\/plugins\/seo\/ -->\n<title>Collage Reflections - El collage como subversivo de la cultura - Seeder Side - GOZAR Magazine<\/title>\n<meta name=\"description\" content=\"collage reflections. El collage como subversivo de la cultura, el ojo cr\u00edtico y la creatividad, desde el Expresionismo, al Surrealismo, o al Arte Pop. El collage digital nos abre las puertas no s\u00f3lo de la fotograf\u00eda sino que tambi\u00e9n ampl\u00eda las del arte y la pintura, abriendo un mundo nuevo de posibilidades de texturas y de creatividad.\" \/>\n<meta name=\"robots\" content=\"index, follow, max-snippet:-1, max-image-preview:large, max-video-preview:-1\" \/>\n<link rel=\"canonical\" href=\"https:\/\/www.razgo.net\/blog\/collage-reflections-seederside\/\" \/>\n<meta property=\"og:locale\" content=\"es_ES\" \/>\n<meta property=\"og:type\" content=\"article\" \/>\n<meta property=\"og:title\" content=\"Collage Reflections - El collage como subversivo de la cultura - Seeder Side - GOZAR Magazine\" \/>\n<meta property=\"og:description\" content=\"collage reflections. El collage como subversivo de la cultura, el ojo cr\u00edtico y la creatividad, desde el Expresionismo, al Surrealismo, o al Arte Pop. El collage digital nos abre las puertas no s\u00f3lo de la fotograf\u00eda sino que tambi\u00e9n ampl\u00eda las del arte y la pintura, abriendo un mundo nuevo de posibilidades de texturas y de creatividad.\" \/>\n<meta property=\"og:url\" content=\"https:\/\/www.razgo.net\/blog\/collage-reflections-seederside\/\" \/>\n<meta property=\"og:site_name\" content=\"GOZAR Magazine\" \/>\n<meta property=\"article:author\" content=\"http:\/\/www.facebook.com\/RazgoBcn\" \/>\n<meta property=\"article:published_time\" content=\"2019-03-01T16:53:38+00:00\" \/>\n<meta property=\"article:modified_time\" content=\"2020-02-12T18:30:00+00:00\" \/>\n<meta property=\"og:image\" content=\"http:\/\/www.razgo.net\/blog\/wp-content\/uploads\/collage-reflections-01.jpg\" \/>\n<meta name=\"author\" content=\"Razgo\" \/>\n<meta name=\"twitter:label1\" content=\"Escrito por\" \/>\n\t<meta name=\"twitter:data1\" content=\"Razgo\" \/>\n\t<meta name=\"twitter:label2\" content=\"Tiempo de lectura\" \/>\n\t<meta name=\"twitter:data2\" content=\"4 minutos\" \/>\n<script type=\"application\/ld+json\" class=\"yoast-schema-graph\">{\"@context\":\"https:\/\/schema.org\",\"@graph\":[{\"@type\":\"WebPage\",\"@id\":\"https:\/\/www.razgo.net\/blog\/collage-reflections-seederside\/\",\"url\":\"https:\/\/www.razgo.net\/blog\/collage-reflections-seederside\/\",\"name\":\"Collage Reflections - El collage como subversivo de la cultura - Seeder Side - GOZAR Magazine\",\"isPartOf\":{\"@id\":\"https:\/\/www.razgo.net\/blog\/#website\"},\"primaryImageOfPage\":{\"@id\":\"https:\/\/www.razgo.net\/blog\/collage-reflections-seederside\/#primaryimage\"},\"image\":{\"@id\":\"https:\/\/www.razgo.net\/blog\/collage-reflections-seederside\/#primaryimage\"},\"thumbnailUrl\":\"http:\/\/www.razgo.net\/blog\/wp-content\/uploads\/collage-reflections-01.jpg\",\"datePublished\":\"2019-03-01T16:53:38+00:00\",\"dateModified\":\"2020-02-12T18:30:00+00:00\",\"author\":{\"@id\":\"https:\/\/www.razgo.net\/blog\/#\/schema\/person\/d96c4c1c7fa5e094477450f3a9ae699e\"},\"description\":\"collage reflections. El collage como subversivo de la cultura, el ojo cr\u00edtico y la creatividad, desde el Expresionismo, al Surrealismo, o al Arte Pop. El collage digital nos abre las puertas no s\u00f3lo de la fotograf\u00eda sino que tambi\u00e9n ampl\u00eda las del arte y la pintura, abriendo un mundo nuevo de posibilidades de texturas y de creatividad.\",\"breadcrumb\":{\"@id\":\"https:\/\/www.razgo.net\/blog\/collage-reflections-seederside\/#breadcrumb\"},\"inLanguage\":\"es\",\"potentialAction\":[{\"@type\":\"ReadAction\",\"target\":[\"https:\/\/www.razgo.net\/blog\/collage-reflections-seederside\/\"]}]},{\"@type\":\"ImageObject\",\"inLanguage\":\"es\",\"@id\":\"https:\/\/www.razgo.net\/blog\/collage-reflections-seederside\/#primaryimage\",\"url\":\"http:\/\/www.razgo.net\/blog\/wp-content\/uploads\/collage-reflections-01.jpg\",\"contentUrl\":\"http:\/\/www.razgo.net\/blog\/wp-content\/uploads\/collage-reflections-01.jpg\"},{\"@type\":\"BreadcrumbList\",\"@id\":\"https:\/\/www.razgo.net\/blog\/collage-reflections-seederside\/#breadcrumb\",\"itemListElement\":[{\"@type\":\"ListItem\",\"position\":1,\"name\":\"Portada\",\"item\":\"https:\/\/www.razgo.net\/blog\/\"},{\"@type\":\"ListItem\",\"position\":2,\"name\":\"Collage Reflections &#8211; El collage como subversivo de la cultura &#8211; Seeder Side\"}]},{\"@type\":\"WebSite\",\"@id\":\"https:\/\/www.razgo.net\/blog\/#website\",\"url\":\"https:\/\/www.razgo.net\/blog\/\",\"name\":\"GOZAR Magazine\",\"description\":\"Fotograf\u00eda, collage, arte digital y cultura online\",\"potentialAction\":[{\"@type\":\"SearchAction\",\"target\":{\"@type\":\"EntryPoint\",\"urlTemplate\":\"https:\/\/www.razgo.net\/blog\/?s={search_term_string}\"},\"query-input\":{\"@type\":\"PropertyValueSpecification\",\"valueRequired\":true,\"valueName\":\"search_term_string\"}}],\"inLanguage\":\"es\"},{\"@type\":\"Person\",\"@id\":\"https:\/\/www.razgo.net\/blog\/#\/schema\/person\/d96c4c1c7fa5e094477450f3a9ae699e\",\"name\":\"Razgo\",\"image\":{\"@type\":\"ImageObject\",\"inLanguage\":\"es\",\"@id\":\"https:\/\/www.razgo.net\/blog\/#\/schema\/person\/image\/\",\"url\":\"https:\/\/secure.gravatar.com\/avatar\/106dcbe859692f3df4faa7a009fde0fc?s=96&d=mm&r=g\",\"contentUrl\":\"https:\/\/secure.gravatar.com\/avatar\/106dcbe859692f3df4faa7a009fde0fc?s=96&d=mm&r=g\",\"caption\":\"Razgo\"},\"sameAs\":[\"http:\/\/www.facebook.com\/RazgoBcn\",\"https:\/\/x.com\/razgobcn\"],\"url\":\"https:\/\/www.razgo.net\/blog\/author\/wp-razgo\/\"}]}<\/script>\n<!-- \/ Yoast SEO plugin. -->","yoast_head_json":{"title":"Collage Reflections - El collage como subversivo de la cultura - Seeder Side - GOZAR Magazine","description":"collage reflections. El collage como subversivo de la cultura, el ojo cr\u00edtico y la creatividad, desde el Expresionismo, al Surrealismo, o al Arte Pop. El collage digital nos abre las puertas no s\u00f3lo de la fotograf\u00eda sino que tambi\u00e9n ampl\u00eda las del arte y la pintura, abriendo un mundo nuevo de posibilidades de texturas y de creatividad.","robots":{"index":"index","follow":"follow","max-snippet":"max-snippet:-1","max-image-preview":"max-image-preview:large","max-video-preview":"max-video-preview:-1"},"canonical":"https:\/\/www.razgo.net\/blog\/collage-reflections-seederside\/","og_locale":"es_ES","og_type":"article","og_title":"Collage Reflections - El collage como subversivo de la cultura - Seeder Side - GOZAR Magazine","og_description":"collage reflections. El collage como subversivo de la cultura, el ojo cr\u00edtico y la creatividad, desde el Expresionismo, al Surrealismo, o al Arte Pop. El collage digital nos abre las puertas no s\u00f3lo de la fotograf\u00eda sino que tambi\u00e9n ampl\u00eda las del arte y la pintura, abriendo un mundo nuevo de posibilidades de texturas y de creatividad.","og_url":"https:\/\/www.razgo.net\/blog\/collage-reflections-seederside\/","og_site_name":"GOZAR Magazine","article_author":"http:\/\/www.facebook.com\/RazgoBcn","article_published_time":"2019-03-01T16:53:38+00:00","article_modified_time":"2020-02-12T18:30:00+00:00","og_image":[{"url":"http:\/\/www.razgo.net\/blog\/wp-content\/uploads\/collage-reflections-01.jpg"}],"author":"Razgo","twitter_misc":{"Escrito por":"Razgo","Tiempo de lectura":"4 minutos"},"schema":{"@context":"https:\/\/schema.org","@graph":[{"@type":"WebPage","@id":"https:\/\/www.razgo.net\/blog\/collage-reflections-seederside\/","url":"https:\/\/www.razgo.net\/blog\/collage-reflections-seederside\/","name":"Collage Reflections - El collage como subversivo de la cultura - Seeder Side - GOZAR Magazine","isPartOf":{"@id":"https:\/\/www.razgo.net\/blog\/#website"},"primaryImageOfPage":{"@id":"https:\/\/www.razgo.net\/blog\/collage-reflections-seederside\/#primaryimage"},"image":{"@id":"https:\/\/www.razgo.net\/blog\/collage-reflections-seederside\/#primaryimage"},"thumbnailUrl":"http:\/\/www.razgo.net\/blog\/wp-content\/uploads\/collage-reflections-01.jpg","datePublished":"2019-03-01T16:53:38+00:00","dateModified":"2020-02-12T18:30:00+00:00","author":{"@id":"https:\/\/www.razgo.net\/blog\/#\/schema\/person\/d96c4c1c7fa5e094477450f3a9ae699e"},"description":"collage reflections. El collage como subversivo de la cultura, el ojo cr\u00edtico y la creatividad, desde el Expresionismo, al Surrealismo, o al Arte Pop. El collage digital nos abre las puertas no s\u00f3lo de la fotograf\u00eda sino que tambi\u00e9n ampl\u00eda las del arte y la pintura, abriendo un mundo nuevo de posibilidades de texturas y de creatividad.","breadcrumb":{"@id":"https:\/\/www.razgo.net\/blog\/collage-reflections-seederside\/#breadcrumb"},"inLanguage":"es","potentialAction":[{"@type":"ReadAction","target":["https:\/\/www.razgo.net\/blog\/collage-reflections-seederside\/"]}]},{"@type":"ImageObject","inLanguage":"es","@id":"https:\/\/www.razgo.net\/blog\/collage-reflections-seederside\/#primaryimage","url":"http:\/\/www.razgo.net\/blog\/wp-content\/uploads\/collage-reflections-01.jpg","contentUrl":"http:\/\/www.razgo.net\/blog\/wp-content\/uploads\/collage-reflections-01.jpg"},{"@type":"BreadcrumbList","@id":"https:\/\/www.razgo.net\/blog\/collage-reflections-seederside\/#breadcrumb","itemListElement":[{"@type":"ListItem","position":1,"name":"Portada","item":"https:\/\/www.razgo.net\/blog\/"},{"@type":"ListItem","position":2,"name":"Collage Reflections &#8211; El collage como subversivo de la cultura &#8211; Seeder Side"}]},{"@type":"WebSite","@id":"https:\/\/www.razgo.net\/blog\/#website","url":"https:\/\/www.razgo.net\/blog\/","name":"GOZAR Magazine","description":"Fotograf\u00eda, collage, arte digital y cultura online","potentialAction":[{"@type":"SearchAction","target":{"@type":"EntryPoint","urlTemplate":"https:\/\/www.razgo.net\/blog\/?s={search_term_string}"},"query-input":{"@type":"PropertyValueSpecification","valueRequired":true,"valueName":"search_term_string"}}],"inLanguage":"es"},{"@type":"Person","@id":"https:\/\/www.razgo.net\/blog\/#\/schema\/person\/d96c4c1c7fa5e094477450f3a9ae699e","name":"Razgo","image":{"@type":"ImageObject","inLanguage":"es","@id":"https:\/\/www.razgo.net\/blog\/#\/schema\/person\/image\/","url":"https:\/\/secure.gravatar.com\/avatar\/106dcbe859692f3df4faa7a009fde0fc?s=96&d=mm&r=g","contentUrl":"https:\/\/secure.gravatar.com\/avatar\/106dcbe859692f3df4faa7a009fde0fc?s=96&d=mm&r=g","caption":"Razgo"},"sameAs":["http:\/\/www.facebook.com\/RazgoBcn","https:\/\/x.com\/razgobcn"],"url":"https:\/\/www.razgo.net\/blog\/author\/wp-razgo\/"}]}},"_links":{"self":[{"href":"https:\/\/www.razgo.net\/blog\/wp-json\/wp\/v2\/posts\/909"}],"collection":[{"href":"https:\/\/www.razgo.net\/blog\/wp-json\/wp\/v2\/posts"}],"about":[{"href":"https:\/\/www.razgo.net\/blog\/wp-json\/wp\/v2\/types\/post"}],"author":[{"embeddable":true,"href":"https:\/\/www.razgo.net\/blog\/wp-json\/wp\/v2\/users\/1"}],"replies":[{"embeddable":true,"href":"https:\/\/www.razgo.net\/blog\/wp-json\/wp\/v2\/comments?post=909"}],"version-history":[{"count":76,"href":"https:\/\/www.razgo.net\/blog\/wp-json\/wp\/v2\/posts\/909\/revisions"}],"predecessor-version":[{"id":2369,"href":"https:\/\/www.razgo.net\/blog\/wp-json\/wp\/v2\/posts\/909\/revisions\/2369"}],"wp:attachment":[{"href":"https:\/\/www.razgo.net\/blog\/wp-json\/wp\/v2\/media?parent=909"}],"wp:term":[{"taxonomy":"category","embeddable":true,"href":"https:\/\/www.razgo.net\/blog\/wp-json\/wp\/v2\/categories?post=909"},{"taxonomy":"post_tag","embeddable":true,"href":"https:\/\/www.razgo.net\/blog\/wp-json\/wp\/v2\/tags?post=909"}],"curies":[{"name":"wp","href":"https:\/\/api.w.org\/{rel}","templated":true}]}}